{"id":965,"date":"2022-12-17T10:08:47","date_gmt":"2022-12-17T09:08:47","guid":{"rendered":"https:\/\/sp6prt.pl\/?p=965"},"modified":"2022-12-19T18:20:25","modified_gmt":"2022-12-19T17:20:25","slug":"sp30space-jeszcze-raz","status":"publish","type":"post","link":"https:\/\/sp6prt.pl\/?p=965","title":{"rendered":"SP30SPACE &#8211; jeszcze raz"},"content":{"rendered":"<div id=\"attachment_960\" style=\"width: 160px\" class=\"wp-caption alignleft\"><img loading=\"lazy\" decoding=\"async\" aria-describedby=\"caption-attachment-960\" src=\"https:\/\/sp6prt.pl\/wp-content\/uploads\/2008\/12\/sp30space-150x150.jpg\" alt=\"Team SP30SPACE\" width=\"150\" height=\"150\" class=\"size-thumbnail wp-image-960\" srcset=\"https:\/\/sp6prt.pl\/wp-content\/uploads\/2008\/12\/sp30space-150x150.jpg 150w, https:\/\/sp6prt.pl\/wp-content\/uploads\/2008\/12\/sp30space-180x180.jpg 180w, https:\/\/sp6prt.pl\/wp-content\/uploads\/2008\/12\/sp30space-60x60.jpg 60w\" sizes=\"auto, (max-width: 150px) 100vw, 150px\" \/><p id=\"caption-attachment-960\" class=\"wp-caption-text\">Team SP30SPACE<\/p><\/div>\n<p>W 2008 roku klub nasz by\u0142 aktywny pod znakiem <strong>SP30SPACE<\/strong> z okazji 30-tej rocznicy lotu kosmicznego pierwszego Polaka  mjra Miros\u0142awa Hermaszewskiego, zwi\u0105zanego z Wroc\u0142awiem przez wiele lat. Kr\u00f3tkofalowcy z klubu SP6PRT przeprowadzili 2 ty\u015b. QSO r\u00f3\u017cnymi emisjami ze stacjami z wszystkich kontynent\u00f3w. Aktywno\u015b\u0107 stacji <strong>SP30SPACE<\/strong> cieszy\u0142a si\u0119 niema\u0142ym  zainteresowaniem a okoliczno\u015bciowe  karty QSL zosta\u0142y rozes\u0142ane. <\/p>\n<p style=\"text-align: center; clear: both; \">\n<strong>Gen. Miros\u0142aw Hermaszewski zmar\u0142 12 grudnia 2022 roku w wieku 82 lat.<\/strong> >>> <a href=\"https:\/\/polsa.gov.pl\/wydarzenia\/zmarl-gen-miroslaw-hermaszewski-pierwszy-polak-ktory-wzial-udzial-w-misji-kosmicznej\/\">Notatka POLSA<\/a> <<<\n<\/p>\n<p><div id=\"attachment_982\" style=\"width: 310px\" class=\"wp-caption alignright\"><a href=\"https:\/\/sp6prt.pl\/wp-content\/uploads\/2022\/12\/sp30space_qsl_.jpg\"><img loading=\"lazy\" decoding=\"async\" aria-describedby=\"caption-attachment-982\" src=\"https:\/\/sp6prt.pl\/wp-content\/uploads\/2022\/12\/sp30space_qsl_-300x192.jpg\" alt=\"\" width=\"300\" height=\"192\" class=\"size-medium wp-image-982\" srcset=\"https:\/\/sp6prt.pl\/wp-content\/uploads\/2022\/12\/sp30space_qsl_-300x192.jpg 300w, https:\/\/sp6prt.pl\/wp-content\/uploads\/2022\/12\/sp30space_qsl_-768x492.jpg 768w, https:\/\/sp6prt.pl\/wp-content\/uploads\/2022\/12\/sp30space_qsl_-624x400.jpg 624w, https:\/\/sp6prt.pl\/wp-content\/uploads\/2022\/12\/sp30space_qsl_.jpg 940w\" sizes=\"auto, (max-width: 300px) 100vw, 300px\" \/><\/a><p id=\"caption-attachment-982\" class=\"wp-caption-text\">Awers karty QSL z akcji SP30SPACE.<\/p><\/div><br \/>\nPosiadamy jeszcze niewielk\u0105 ilo\u015b\u0107 kart QSL <strong>SP30SPACE<\/strong>! Mo\u017cna je otrzyma\u0107 do swojej kolekcji w naszym klubie lub listownie po przys\u0142aniu koperty zwrotnej ze znaczkiem. Posiadamy r\u00f3wnie\u017c log stacji.<\/p>\n<p>Wi\u0119cej o aktywno\u015bci <strong>SP30SPACE<\/strong>  <a href=\"https:\/\/sp6prt.pl\/sp30space-z-sp6prt\/\">pisali\u015bmy w 2008 roku<\/a>.<\/p>\n<p>Aut: SP6IXU<\/p>\n","protected":false},"excerpt":{"rendered":"<p>W 2008 roku klub nasz by\u0142 aktywny pod znakiem SP30SPACE z okazji 30-tej rocznicy lotu kosmicznego pierwszego Polaka mjra Miros\u0142awa Hermaszewskiego, zwi\u0105zanego z Wroc\u0142awiem przez wiele lat. Kr\u00f3tkofalowcy z klubu&#8230; <a href=\"https:\/\/sp6prt.pl\/?p=965\">Read more &raquo;<\/a><\/p>\n","protected":false},"author":1,"featured_media":960,"comment_status":"closed","ping_status":"closed","sticky":false,"template":"","format":"standard","meta":{"footnotes":""},"categories":[124],"tags":[318],"class_list":["post-965","post","type-post","status-publish","format-standard","has-post-thumbnail","hentry","category-informacje","tag-sp30space"],"_links":{"self":[{"href":"https:\/\/sp6prt.pl\/index.php?rest_route=\/wp\/v2\/posts\/965","targetHints":{"allow":["GET"]}}],"collection":[{"href":"https:\/\/sp6prt.pl\/index.php?rest_route=\/wp\/v2\/posts"}],"about":[{"href":"https:\/\/sp6prt.pl\/index.php?rest_route=\/wp\/v2\/types\/post"}],"author":[{"embeddable":true,"href":"https:\/\/sp6prt.pl\/index.php?rest_route=\/wp\/v2\/users\/1"}],"replies":[{"embeddable":true,"href":"https:\/\/sp6prt.pl\/index.php?rest_route=%2Fwp%2Fv2%2Fcomments&post=965"}],"version-history":[{"count":13,"href":"https:\/\/sp6prt.pl\/index.php?rest_route=\/wp\/v2\/posts\/965\/revisions"}],"predecessor-version":[{"id":983,"href":"https:\/\/sp6prt.pl\/index.php?rest_route=\/wp\/v2\/posts\/965\/revisions\/983"}],"wp:featuredmedia":[{"embeddable":true,"href":"https:\/\/sp6prt.pl\/index.php?rest_route=\/wp\/v2\/media\/960"}],"wp:attachment":[{"href":"https:\/\/sp6prt.pl\/index.php?rest_route=%2Fwp%2Fv2%2Fmedia&parent=965"}],"wp:term":[{"taxonomy":"category","embeddable":true,"href":"https:\/\/sp6prt.pl\/index.php?rest_route=%2Fwp%2Fv2%2Fcategories&post=965"},{"taxonomy":"post_tag","embeddable":true,"href":"https:\/\/sp6prt.pl\/index.php?rest_route=%2Fwp%2Fv2%2Ftags&post=965"}],"curies":[{"name":"wp","href":"https:\/\/api.w.org\/{rel}","templated":true}]}}