{"id":814,"date":"2020-11-10T21:30:37","date_gmt":"2020-11-10T20:30:37","guid":{"rendered":"https:\/\/sp6prt.pl\/?p=814"},"modified":"2020-11-10T21:38:05","modified_gmt":"2020-11-10T20:38:05","slug":"sq6adn-sk","status":"publish","type":"post","link":"https:\/\/sp6prt.pl\/?p=814","title":{"rendered":"SQ6ADN &#8211; SK"},"content":{"rendered":"<p>Wczoraj, 9 listopada 2020 roku odszed\u0142 nasz Kolega, Wojtek SQ6ADN. Trudno si\u0119 pogodzi\u0107 z tym, \u017ce Jego zawadiacka przekora, humor i kole\u017ce\u0144sko\u015b\u0107 od tego dnia b\u0119d\u0105 ju\u017c tylko w naszej pami\u0119ci. Pe\u0142ni\u0105c funkcj\u0119 skarbnika OT-1 PZK by\u0142 srogim str\u00f3\u017cem termin\u00f3w wp\u0142at sk\u0142adek&#8230; kt\u00f3re egzekwowa\u0142 u\u015bmiechem, gro\u017c\u0105cym palcem i puszczaniem &#8220;oczka&#8221;:\u00a0<em>Jak nie zap\u0142acisz, to no!\u00a0<\/em><\/p>\n<p>\u017begnamy Ci\u0119, Wojtku!<\/p>\n<p>Sk\u0142adamy kondolencje Rodzinie.<\/p>\n<div id=\"attachment_821\" style=\"width: 310px\" class=\"wp-caption aligncenter\"><img loading=\"lazy\" decoding=\"async\" aria-describedby=\"caption-attachment-821\" class=\"wp-image-821 size-medium\" title=\"SQ6ADN - SK, foto by SP6EBK\" src=\"https:\/\/sp6prt.pl\/wp-content\/uploads\/2020\/11\/SQ6ADN-300x300.jpg\" alt=\"\" width=\"300\" height=\"300\" srcset=\"https:\/\/sp6prt.pl\/wp-content\/uploads\/2020\/11\/SQ6ADN-300x300.jpg 300w, https:\/\/sp6prt.pl\/wp-content\/uploads\/2020\/11\/SQ6ADN-150x150.jpg 150w, https:\/\/sp6prt.pl\/wp-content\/uploads\/2020\/11\/SQ6ADN-624x625.jpg 624w, https:\/\/sp6prt.pl\/wp-content\/uploads\/2020\/11\/SQ6ADN-180x180.jpg 180w, https:\/\/sp6prt.pl\/wp-content\/uploads\/2020\/11\/SQ6ADN-60x60.jpg 60w, https:\/\/sp6prt.pl\/wp-content\/uploads\/2020\/11\/SQ6ADN.jpg 640w\" sizes=\"auto, (max-width: 300px) 100vw, 300px\" \/><p id=\"caption-attachment-821\" class=\"wp-caption-text\">foto by SP6EBK<\/p><\/div>\n<p>PS. Gdy pojawi\u0142em si\u0119 w klubie po raz pierwszy, od razu zapami\u0119ta\u0142 m\u00f3j znak i imi\u0119. Ja te\u017c b\u0119d\u0119 Go pami\u0119ta\u0142.<\/p>\n","protected":false},"excerpt":{"rendered":"<p>9 listopada 2020 roku odszed\u0142 nasz Kolega, Wojtek SQ6ADN. Trudno si\u0119 pogodzi\u0107 z tym, \u017ce Jego zawadiacka przekora, humor i kole\u017ce\u0144sko\u015b\u0107 od tego dnia b\u0119d\u0105 ju\u017c tylko w naszej pami\u0119ci. <\/p>\n","protected":false},"author":1,"featured_media":816,"comment_status":"closed","ping_status":"closed","sticky":false,"template":"","format":"standard","meta":{"footnotes":""},"categories":[124],"tags":[178,280],"class_list":["post-814","post","type-post","status-publish","format-standard","has-post-thumbnail","hentry","category-informacje","tag-sk-pl","tag-sq6adn"],"_links":{"self":[{"href":"https:\/\/sp6prt.pl\/index.php?rest_route=\/wp\/v2\/posts\/814","targetHints":{"allow":["GET"]}}],"collection":[{"href":"https:\/\/sp6prt.pl\/index.php?rest_route=\/wp\/v2\/posts"}],"about":[{"href":"https:\/\/sp6prt.pl\/index.php?rest_route=\/wp\/v2\/types\/post"}],"author":[{"embeddable":true,"href":"https:\/\/sp6prt.pl\/index.php?rest_route=\/wp\/v2\/users\/1"}],"replies":[{"embeddable":true,"href":"https:\/\/sp6prt.pl\/index.php?rest_route=%2Fwp%2Fv2%2Fcomments&post=814"}],"version-history":[{"count":6,"href":"https:\/\/sp6prt.pl\/index.php?rest_route=\/wp\/v2\/posts\/814\/revisions"}],"predecessor-version":[{"id":824,"href":"https:\/\/sp6prt.pl\/index.php?rest_route=\/wp\/v2\/posts\/814\/revisions\/824"}],"wp:featuredmedia":[{"embeddable":true,"href":"https:\/\/sp6prt.pl\/index.php?rest_route=\/wp\/v2\/media\/816"}],"wp:attachment":[{"href":"https:\/\/sp6prt.pl\/index.php?rest_route=%2Fwp%2Fv2%2Fmedia&parent=814"}],"wp:term":[{"taxonomy":"category","embeddable":true,"href":"https:\/\/sp6prt.pl\/index.php?rest_route=%2Fwp%2Fv2%2Fcategories&post=814"},{"taxonomy":"post_tag","embeddable":true,"href":"https:\/\/sp6prt.pl\/index.php?rest_route=%2Fwp%2Fv2%2Ftags&post=814"}],"curies":[{"name":"wp","href":"https:\/\/api.w.org\/{rel}","templated":true}]}}