{"id":587,"date":"2019-12-05T23:07:59","date_gmt":"2019-12-05T22:07:59","guid":{"rendered":"https:\/\/sp6prt.pl\/?p=587"},"modified":"2019-12-12T22:14:32","modified_gmt":"2019-12-12T21:14:32","slug":"przemienniki-i-vhf-uhf-we-wroclawiu","status":"publish","type":"post","link":"https:\/\/sp6prt.pl\/?p=587","title":{"rendered":"Przemienniki i VHF\/UHF we Wroc\u0142awiu"},"content":{"rendered":"<p>Mo\u017ce Wroc\u0142aw nie jest tak nasycony przemiennikami, jak na przyk\u0142ad obszar G\u00f3rnego \u015al\u0105ska, ale jednak mamy swoje przemienniki. Co prawda ruch na nich (z wyj\u0105tkami!) nik\u0142y, ale mo\u017ce to si\u0119 zmieni, jak uruchomi\u0105 FT8 na UHF\/VHF \ud83d\ude09<\/p>\n<p>A tak serio, mamy Romana <a href=\"https:\/\/przemienniki.net\/przemienniki\/2m\/SR6R\" rel=\"noopener\" target=\"_blank\">SR6R<\/a> (145.600\/103.5), Wand\u0119-Romana <a href=\"https:\/\/przemienniki.net\/przemienniki\/70cm\/SR6WR\" rel=\"noopener\" target=\"_blank\">SR6WR<\/a> (438.850\/103.5), Wand\u0119-Romana-Tomasza SR6WRC (430.175\/103.5 i 70.260\/103.5), DMRa <a href=\"https:\/\/brandmeister.network\/?page=repeater&#038;id=260601\" rel=\"noopener\" target=\"_blank\">SR6DMR<\/a>&#8230; Znajdzie si\u0119 te\u017c przemiennik APRS, D-Star, (Fusion?). <\/p>\n<p>Niedawno by\u0142o g\u0142o\u015bono o propozycji odebrania pasma 2m radioamatorom. Angloj\u0119zyczni &#8220;HAMowcy&#8221; szybko przywo\u0142ali slogan &#8220;<em>use it or lose it<\/em>&#8221; (u\u017cywaj, albo stracisz), odmieniany na wszelkie sposoby i przy wszelkich okazjach. Na szcz\u0119\u015bcie ca\u0142a afera troch\u0119 przycich\u0142a i wydaje si\u0119, \u017ce pasmo 144 MHz dalej b\u0119dzie sta\u0142o puste (hm?) pod kontrol\u0105 radioamatorsk\u0105. <\/p>\n<p>Wi\u0119cej szczeg\u00f3\u0142\u00f3w np. <a href=\"http:\/\/www.arrl.org\/news\/restraint-urged-in-response-to-2-meter-reallocation-proposal\" rel=\"noopener\" target=\"_blank\">w artykule ARRL<\/a>, ale r\u00f3wnie\u017c na mniej \u201ebran\u017cowych\u201d stronach (<a href=\"https:\/\/hackaday.com\/2019\/07\/01\/the-backbone-of-vhf-amateur-radio-may-be-under-threat\/\" rel=\"noopener\" target=\"_blank\">hackaday.com<\/a>). I jeszcze zwracam uwag\u0119 na cytat z <a href=\"https:\/\/www.kb6nu.com\/will-we-lose-the-2m-band\/\" rel=\"noopener\" target=\"_blank\">bloga KB6NU<\/a>: <em>there\u2019s been no strong opposition to this in Europe<\/em>&#8230;<\/p>\n<p>C\u00f3\u017c, jak na razie kryzys od\u017cegnany, ale b\u0119d\u0105 nast\u0119pne! Jest jeszcze pasmo 70cm. I wy\u017cej.<\/p>\n","protected":false},"excerpt":{"rendered":"<p>Mo\u017ce Wroc\u0142aw nie jest tak nasycony przemiennikami, jak na przyk\u0142ad obszar G\u00f3rnego \u015al\u0105ska, ale jednak mamy swoje przemienniki.<\/p>\n","protected":false},"author":1,"featured_media":0,"comment_status":"closed","ping_status":"closed","sticky":false,"template":"","format":"standard","meta":{"footnotes":""},"categories":[10],"tags":[253,255,257],"class_list":["post-587","post","type-post","status-publish","format-standard","hentry","category-artykuly","tag-sr6r","tag-sr6wr","tag-sr6wrt"],"_links":{"self":[{"href":"https:\/\/sp6prt.pl\/index.php?rest_route=\/wp\/v2\/posts\/587","targetHints":{"allow":["GET"]}}],"collection":[{"href":"https:\/\/sp6prt.pl\/index.php?rest_route=\/wp\/v2\/posts"}],"about":[{"href":"https:\/\/sp6prt.pl\/index.php?rest_route=\/wp\/v2\/types\/post"}],"author":[{"embeddable":true,"href":"https:\/\/sp6prt.pl\/index.php?rest_route=\/wp\/v2\/users\/1"}],"replies":[{"embeddable":true,"href":"https:\/\/sp6prt.pl\/index.php?rest_route=%2Fwp%2Fv2%2Fcomments&post=587"}],"version-history":[{"count":3,"href":"https:\/\/sp6prt.pl\/index.php?rest_route=\/wp\/v2\/posts\/587\/revisions"}],"predecessor-version":[{"id":602,"href":"https:\/\/sp6prt.pl\/index.php?rest_route=\/wp\/v2\/posts\/587\/revisions\/602"}],"wp:attachment":[{"href":"https:\/\/sp6prt.pl\/index.php?rest_route=%2Fwp%2Fv2%2Fmedia&parent=587"}],"wp:term":[{"taxonomy":"category","embeddable":true,"href":"https:\/\/sp6prt.pl\/index.php?rest_route=%2Fwp%2Fv2%2Fcategories&post=587"},{"taxonomy":"post_tag","embeddable":true,"href":"https:\/\/sp6prt.pl\/index.php?rest_route=%2Fwp%2Fv2%2Ftags&post=587"}],"curies":[{"name":"wp","href":"https:\/\/api.w.org\/{rel}","templated":true}]}}