{"id":508,"date":"2019-06-23T22:04:59","date_gmt":"2019-06-23T20:04:59","guid":{"rendered":"https:\/\/sp6prt.pl\/?p=508"},"modified":"2019-07-29T16:44:59","modified_gmt":"2019-07-29T14:44:59","slug":"po-walnym-zgromadzeniu-czlonkow-klubu","status":"publish","type":"post","link":"https:\/\/sp6prt.pl\/?p=508","title":{"rendered":"Po Walnym Zgromadzeniu Cz\u0142onk\u00f3w Klubu"},"content":{"rendered":"<p>Z drobnym po\u015blizgiem informujemy, \u017ce 6 czerwca odby\u0142o si\u0119 Walne Zgromadzenie Cz\u0142onk\u00f3w Klubu. Do najwa\u017cniejszych spraw, kt\u00f3re mia\u0142y miejsce w trakcie zebrania, nale\u017cy zaliczy\u0107 (w kolejno\u015bci chronologicznej):<\/p>\n<ul>\n<li>G\u0142osowanie nad absolutorium odchodz\u0105cego zarz\u0105du.<\/li>\n<li>Wybranie nowego zarz\u0105du (prezesem klubu zosta\u0142 wybrany kol. Ryszard SP6IFN).<\/li>\n<li>G\u0142osowanie nad przyj\u0119ciem nowego statutu klubu.<\/li>\n<li>Przyj\u0119cie wniosku o nadanie tytu\u0142u <strong>Honorowego Prezesa Klubu<\/strong> kol. Boles\u0142awowi SP6CCI.<\/li>\n<\/ul>\n<p>Poni\u017cej kilka uj\u0119\u0107 z wydarzenia, wraz z drobnym komentarzem. Nied\u0142ugo przerwa wakacyjna, po kt\u00f3rej klub powraca do dzia\u0142ania pod nowym zarz\u0105dem!<\/p>\n\n\t\t<style type=\"text\/css\">\n\t\t\t#gallery-1 {\n\t\t\t\tmargin: auto;\n\t\t\t}\n\t\t\t#gallery-1 .gallery-item {\n\t\t\t\tfloat: left;\n\t\t\t\tmargin-top: 10px;\n\t\t\t\ttext-align: center;\n\t\t\t\twidth: 25%;\n\t\t\t}\n\t\t\t#gallery-1 img {\n\t\t\t\tborder: 2px solid #cfcfcf;\n\t\t\t}\n\t\t\t#gallery-1 .gallery-caption {\n\t\t\t\tmargin-left: 0;\n\t\t\t}\n\t\t\t\/* see gallery_shortcode() in wp-includes\/media.php *\/\n\t\t<\/style>\n\t\t<div id='gallery-1' class='gallery galleryid-508 gallery-columns-4 gallery-size-thumbnail'><dl class='gallery-item'>\n\t\t\t<dt class='gallery-icon landscape'>\n\t\t\t\t<a href='https:\/\/sp6prt.pl\/?attachment_id=499'><img loading=\"lazy\" decoding=\"async\" width=\"150\" height=\"150\" src=\"https:\/\/sp6prt.pl\/wp-content\/uploads\/2019\/06\/walne_13-150x150.jpg\" class=\"attachment-thumbnail size-thumbnail\" alt=\"\" aria-describedby=\"gallery-1-499\" srcset=\"https:\/\/sp6prt.pl\/wp-content\/uploads\/2019\/06\/walne_13-150x150.jpg 150w, https:\/\/sp6prt.pl\/wp-content\/uploads\/2019\/06\/walne_13-180x180.jpg 180w, https:\/\/sp6prt.pl\/wp-content\/uploads\/2019\/06\/walne_13-60x60.jpg 60w\" sizes=\"auto, (max-width: 150px) 100vw, 150px\" \/><\/a>\n\t\t\t<\/dt>\n\t\t\t\t<dd class='wp-caption-text gallery-caption' id='gallery-1-499'>\n\t\t\t\tPrezes klubu, Boles\u0142aw SP6CCI rozpocz\u0105\u0142 zebranie.\n\t\t\t\t<\/dd><\/dl><dl class='gallery-item'>\n\t\t\t<dt class='gallery-icon landscape'>\n\t\t\t\t<a href='https:\/\/sp6prt.pl\/?attachment_id=479'><img loading=\"lazy\" decoding=\"async\" width=\"150\" height=\"150\" src=\"https:\/\/sp6prt.pl\/wp-content\/uploads\/2019\/06\/walne_11-150x150.jpg\" class=\"attachment-thumbnail size-thumbnail\" alt=\"\" aria-describedby=\"gallery-1-479\" srcset=\"https:\/\/sp6prt.pl\/wp-content\/uploads\/2019\/06\/walne_11-150x150.jpg 150w, https:\/\/sp6prt.pl\/wp-content\/uploads\/2019\/06\/walne_11-180x180.jpg 180w, https:\/\/sp6prt.pl\/wp-content\/uploads\/2019\/06\/walne_11-60x60.jpg 60w\" sizes=\"auto, (max-width: 150px) 100vw, 150px\" \/><\/a>\n\t\t\t<\/dt>\n\t\t\t\t<dd class='wp-caption-text gallery-caption' id='gallery-1-479'>\n\t\t\t\tProwadz\u0105cym zosta\u0142 Stanis\u0142aw SP6BCC.\n\t\t\t\t<\/dd><\/dl><dl class='gallery-item'>\n\t\t\t<dt class='gallery-icon landscape'>\n\t\t\t\t<a href='https:\/\/sp6prt.pl\/?attachment_id=484'><img loading=\"lazy\" decoding=\"async\" width=\"150\" height=\"150\" src=\"https:\/\/sp6prt.pl\/wp-content\/uploads\/2019\/06\/walne_16-150x150.jpg\" class=\"attachment-thumbnail size-thumbnail\" alt=\"\" aria-describedby=\"gallery-1-484\" srcset=\"https:\/\/sp6prt.pl\/wp-content\/uploads\/2019\/06\/walne_16-150x150.jpg 150w, https:\/\/sp6prt.pl\/wp-content\/uploads\/2019\/06\/walne_16-180x180.jpg 180w, https:\/\/sp6prt.pl\/wp-content\/uploads\/2019\/06\/walne_16-60x60.jpg 60w\" sizes=\"auto, (max-width: 150px) 100vw, 150px\" \/><\/a>\n\t\t\t<\/dt>\n\t\t\t\t<dd class='wp-caption-text gallery-caption' id='gallery-1-484'>\n\t\t\t\tNast\u0105pi\u0142o odczytanie sprawozdania z dzia\u0142alno\u015bci klubu za lata 2018\/2019.\n\t\t\t\t<\/dd><\/dl><dl class='gallery-item'>\n\t\t\t<dt class='gallery-icon landscape'>\n\t\t\t\t<a href='https:\/\/sp6prt.pl\/?attachment_id=482'><img loading=\"lazy\" decoding=\"async\" width=\"150\" height=\"150\" src=\"https:\/\/sp6prt.pl\/wp-content\/uploads\/2019\/06\/walne_14-150x150.jpg\" class=\"attachment-thumbnail size-thumbnail\" alt=\"\" aria-describedby=\"gallery-1-482\" srcset=\"https:\/\/sp6prt.pl\/wp-content\/uploads\/2019\/06\/walne_14-150x150.jpg 150w, https:\/\/sp6prt.pl\/wp-content\/uploads\/2019\/06\/walne_14-180x180.jpg 180w, https:\/\/sp6prt.pl\/wp-content\/uploads\/2019\/06\/walne_14-60x60.jpg 60w\" sizes=\"auto, (max-width: 150px) 100vw, 150px\" \/><\/a>\n\t\t\t<\/dt>\n\t\t\t\t<dd class='wp-caption-text gallery-caption' id='gallery-1-482'>\n\t\t\t\tObecni s\u0142uchali z podziwem.\n\t\t\t\t<\/dd><\/dl><br style=\"clear: both\" \/><dl class='gallery-item'>\n\t\t\t<dt class='gallery-icon landscape'>\n\t\t\t\t<a href='https:\/\/sp6prt.pl\/?attachment_id=490'><img loading=\"lazy\" decoding=\"async\" width=\"150\" height=\"150\" src=\"https:\/\/sp6prt.pl\/wp-content\/uploads\/2019\/06\/walne_22-150x150.jpg\" class=\"attachment-thumbnail size-thumbnail\" alt=\"\" aria-describedby=\"gallery-1-490\" srcset=\"https:\/\/sp6prt.pl\/wp-content\/uploads\/2019\/06\/walne_22-150x150.jpg 150w, https:\/\/sp6prt.pl\/wp-content\/uploads\/2019\/06\/walne_22-180x180.jpg 180w, https:\/\/sp6prt.pl\/wp-content\/uploads\/2019\/06\/walne_22-60x60.jpg 60w\" sizes=\"auto, (max-width: 150px) 100vw, 150px\" \/><\/a>\n\t\t\t<\/dt>\n\t\t\t\t<dd class='wp-caption-text gallery-caption' id='gallery-1-490'>\n\t\t\t\tA protokolant, Ryszard SP6IFN zachowywa\u0142 informacje dla potomnych.\n\t\t\t\t<\/dd><\/dl><dl class='gallery-item'>\n\t\t\t<dt class='gallery-icon landscape'>\n\t\t\t\t<a href='https:\/\/sp6prt.pl\/?attachment_id=483'><img loading=\"lazy\" decoding=\"async\" width=\"150\" height=\"150\" src=\"https:\/\/sp6prt.pl\/wp-content\/uploads\/2019\/06\/walne_15-150x150.jpg\" class=\"attachment-thumbnail size-thumbnail\" alt=\"\" aria-describedby=\"gallery-1-483\" srcset=\"https:\/\/sp6prt.pl\/wp-content\/uploads\/2019\/06\/walne_15-150x150.jpg 150w, https:\/\/sp6prt.pl\/wp-content\/uploads\/2019\/06\/walne_15-180x180.jpg 180w, https:\/\/sp6prt.pl\/wp-content\/uploads\/2019\/06\/walne_15-60x60.jpg 60w\" sizes=\"auto, (max-width: 150px) 100vw, 150px\" \/><\/a>\n\t\t\t<\/dt>\n\t\t\t\t<dd class='wp-caption-text gallery-caption' id='gallery-1-483'>\n\t\t\t\tProwadz\u0105cy zebranie podda\u0142 pod g\u0142osowanie absolutorium.\n\t\t\t\t<\/dd><\/dl><dl class='gallery-item'>\n\t\t\t<dt class='gallery-icon landscape'>\n\t\t\t\t<a href='https:\/\/sp6prt.pl\/?attachment_id=486'><img loading=\"lazy\" decoding=\"async\" width=\"150\" height=\"150\" src=\"https:\/\/sp6prt.pl\/wp-content\/uploads\/2019\/06\/walne_18-150x150.jpg\" class=\"attachment-thumbnail size-thumbnail\" alt=\"\" aria-describedby=\"gallery-1-486\" srcset=\"https:\/\/sp6prt.pl\/wp-content\/uploads\/2019\/06\/walne_18-150x150.jpg 150w, https:\/\/sp6prt.pl\/wp-content\/uploads\/2019\/06\/walne_18-180x180.jpg 180w, https:\/\/sp6prt.pl\/wp-content\/uploads\/2019\/06\/walne_18-60x60.jpg 60w\" sizes=\"auto, (max-width: 150px) 100vw, 150px\" \/><\/a>\n\t\t\t<\/dt>\n\t\t\t\t<dd class='wp-caption-text gallery-caption' id='gallery-1-486'>\n\t\t\t\tKomisja skrutacyjna przeliczy\u0142a, podsumowa\u0142a i og\u0142osi\u0142a wyniki&#8230;\n\t\t\t\t<\/dd><\/dl><dl class='gallery-item'>\n\t\t\t<dt class='gallery-icon landscape'>\n\t\t\t\t<a href='https:\/\/sp6prt.pl\/?attachment_id=480'><img loading=\"lazy\" decoding=\"async\" width=\"150\" height=\"150\" src=\"https:\/\/sp6prt.pl\/wp-content\/uploads\/2019\/06\/walne_12-150x150.jpg\" class=\"attachment-thumbnail size-thumbnail\" alt=\"\" aria-describedby=\"gallery-1-480\" srcset=\"https:\/\/sp6prt.pl\/wp-content\/uploads\/2019\/06\/walne_12-150x150.jpg 150w, https:\/\/sp6prt.pl\/wp-content\/uploads\/2019\/06\/walne_12-180x180.jpg 180w, https:\/\/sp6prt.pl\/wp-content\/uploads\/2019\/06\/walne_12-60x60.jpg 60w\" sizes=\"auto, (max-width: 150px) 100vw, 150px\" \/><\/a>\n\t\t\t<\/dt>\n\t\t\t\t<dd class='wp-caption-text gallery-caption' id='gallery-1-480'>\n\t\t\t\t&#8230; kt\u00f3re to trafi\u0142y do protoko\u0142u.\n\t\t\t\t<\/dd><\/dl><br style=\"clear: both\" \/><dl class='gallery-item'>\n\t\t\t<dt class='gallery-icon landscape'>\n\t\t\t\t<a href='https:\/\/sp6prt.pl\/?attachment_id=489'><img loading=\"lazy\" decoding=\"async\" width=\"150\" height=\"150\" src=\"https:\/\/sp6prt.pl\/wp-content\/uploads\/2019\/06\/walne_21-150x150.jpg\" class=\"attachment-thumbnail size-thumbnail\" alt=\"\" aria-describedby=\"gallery-1-489\" srcset=\"https:\/\/sp6prt.pl\/wp-content\/uploads\/2019\/06\/walne_21-150x150.jpg 150w, https:\/\/sp6prt.pl\/wp-content\/uploads\/2019\/06\/walne_21-180x180.jpg 180w, https:\/\/sp6prt.pl\/wp-content\/uploads\/2019\/06\/walne_21-60x60.jpg 60w\" sizes=\"auto, (max-width: 150px) 100vw, 150px\" \/><\/a>\n\t\t\t<\/dt>\n\t\t\t\t<dd class='wp-caption-text gallery-caption' id='gallery-1-489'>\n\t\t\t\tG\u0142os zaj\u0105\u0142 te\u017c prezes PZK &#8211; Waldemar 3Z6AEF.\n\t\t\t\t<\/dd><\/dl><dl class='gallery-item'>\n\t\t\t<dt class='gallery-icon landscape'>\n\t\t\t\t<a href='https:\/\/sp6prt.pl\/?attachment_id=491'><img loading=\"lazy\" decoding=\"async\" width=\"150\" height=\"150\" src=\"https:\/\/sp6prt.pl\/wp-content\/uploads\/2019\/06\/walne_23-150x150.jpg\" class=\"attachment-thumbnail size-thumbnail\" alt=\"\" aria-describedby=\"gallery-1-491\" srcset=\"https:\/\/sp6prt.pl\/wp-content\/uploads\/2019\/06\/walne_23-150x150.jpg 150w, https:\/\/sp6prt.pl\/wp-content\/uploads\/2019\/06\/walne_23-180x180.jpg 180w, https:\/\/sp6prt.pl\/wp-content\/uploads\/2019\/06\/walne_23-60x60.jpg 60w\" sizes=\"auto, (max-width: 150px) 100vw, 150px\" \/><\/a>\n\t\t\t<\/dt>\n\t\t\t\t<dd class='wp-caption-text gallery-caption' id='gallery-1-491'>\n\t\t\t\tKandydaci na cz\u0142onk\u00f3w nowego zarz\u0105du ju\u017c s\u0105, napi\u0119cie ro\u015bnie.\n\t\t\t\t<\/dd><\/dl><dl class='gallery-item'>\n\t\t\t<dt class='gallery-icon landscape'>\n\t\t\t\t<a href='https:\/\/sp6prt.pl\/?attachment_id=485'><img loading=\"lazy\" decoding=\"async\" width=\"150\" height=\"150\" src=\"https:\/\/sp6prt.pl\/wp-content\/uploads\/2019\/06\/walne_17-150x150.jpg\" class=\"attachment-thumbnail size-thumbnail\" alt=\"\" aria-describedby=\"gallery-1-485\" srcset=\"https:\/\/sp6prt.pl\/wp-content\/uploads\/2019\/06\/walne_17-150x150.jpg 150w, https:\/\/sp6prt.pl\/wp-content\/uploads\/2019\/06\/walne_17-180x180.jpg 180w, https:\/\/sp6prt.pl\/wp-content\/uploads\/2019\/06\/walne_17-60x60.jpg 60w\" sizes=\"auto, (max-width: 150px) 100vw, 150px\" \/><\/a>\n\t\t\t<\/dt>\n\t\t\t\t<dd class='wp-caption-text gallery-caption' id='gallery-1-485'>\n\t\t\t\tChwila g\u0142osowania (no, mo\u017ce to nie by\u0142o g\u0142osowanie na cz\u0142onk\u00f3w zarz\u0105du, ale&#8230;)\n\t\t\t\t<\/dd><\/dl><dl class='gallery-item'>\n\t\t\t<dt class='gallery-icon landscape'>\n\t\t\t\t<a href='https:\/\/sp6prt.pl\/?attachment_id=497'><img loading=\"lazy\" decoding=\"async\" width=\"150\" height=\"150\" src=\"https:\/\/sp6prt.pl\/wp-content\/uploads\/2019\/06\/walne_8-150x150.jpg\" class=\"attachment-thumbnail size-thumbnail\" alt=\"\" aria-describedby=\"gallery-1-497\" srcset=\"https:\/\/sp6prt.pl\/wp-content\/uploads\/2019\/06\/walne_8-150x150.jpg 150w, https:\/\/sp6prt.pl\/wp-content\/uploads\/2019\/06\/walne_8-180x180.jpg 180w, https:\/\/sp6prt.pl\/wp-content\/uploads\/2019\/06\/walne_8-60x60.jpg 60w\" sizes=\"auto, (max-width: 150px) 100vw, 150px\" \/><\/a>\n\t\t\t<\/dt>\n\t\t\t\t<dd class='wp-caption-text gallery-caption' id='gallery-1-497'>\n\t\t\t\tUda\u0142o si\u0119! SP6IFN, SP6XXB i SQ6POC stanowi\u0105 nowy zarz\u0105d klubu.\n\t\t\t\t<\/dd><\/dl><br style=\"clear: both\" \/><dl class='gallery-item'>\n\t\t\t<dt class='gallery-icon landscape'>\n\t\t\t\t<a href='https:\/\/sp6prt.pl\/?attachment_id=492'><img loading=\"lazy\" decoding=\"async\" width=\"150\" height=\"150\" src=\"https:\/\/sp6prt.pl\/wp-content\/uploads\/2019\/06\/walne_24-150x150.jpg\" class=\"attachment-thumbnail size-thumbnail\" alt=\"\" aria-describedby=\"gallery-1-492\" srcset=\"https:\/\/sp6prt.pl\/wp-content\/uploads\/2019\/06\/walne_24-150x150.jpg 150w, https:\/\/sp6prt.pl\/wp-content\/uploads\/2019\/06\/walne_24-180x180.jpg 180w, https:\/\/sp6prt.pl\/wp-content\/uploads\/2019\/06\/walne_24-60x60.jpg 60w\" sizes=\"auto, (max-width: 150px) 100vw, 150px\" \/><\/a>\n\t\t\t<\/dt>\n\t\t\t\t<dd class='wp-caption-text gallery-caption' id='gallery-1-492'>\n\t\t\t\tGratulacje&#8230;\n\t\t\t\t<\/dd><\/dl><dl class='gallery-item'>\n\t\t\t<dt class='gallery-icon landscape'>\n\t\t\t\t<a href='https:\/\/sp6prt.pl\/?attachment_id=488'><img loading=\"lazy\" decoding=\"async\" width=\"150\" height=\"150\" src=\"https:\/\/sp6prt.pl\/wp-content\/uploads\/2019\/06\/walne_20-150x150.jpg\" class=\"attachment-thumbnail size-thumbnail\" alt=\"\" aria-describedby=\"gallery-1-488\" srcset=\"https:\/\/sp6prt.pl\/wp-content\/uploads\/2019\/06\/walne_20-150x150.jpg 150w, https:\/\/sp6prt.pl\/wp-content\/uploads\/2019\/06\/walne_20-180x180.jpg 180w, https:\/\/sp6prt.pl\/wp-content\/uploads\/2019\/06\/walne_20-60x60.jpg 60w\" sizes=\"auto, (max-width: 150px) 100vw, 150px\" \/><\/a>\n\t\t\t<\/dt>\n\t\t\t\t<dd class='wp-caption-text gallery-caption' id='gallery-1-488'>\n\t\t\t\t&#8230; i przekazanie formalne.\n\t\t\t\t<\/dd><\/dl><dl class='gallery-item'>\n\t\t\t<dt class='gallery-icon landscape'>\n\t\t\t\t<a href='https:\/\/sp6prt.pl\/?attachment_id=496'><img loading=\"lazy\" decoding=\"async\" width=\"150\" height=\"150\" src=\"https:\/\/sp6prt.pl\/wp-content\/uploads\/2019\/06\/walne_5-150x150.jpg\" class=\"attachment-thumbnail size-thumbnail\" alt=\"\" aria-describedby=\"gallery-1-496\" srcset=\"https:\/\/sp6prt.pl\/wp-content\/uploads\/2019\/06\/walne_5-150x150.jpg 150w, https:\/\/sp6prt.pl\/wp-content\/uploads\/2019\/06\/walne_5-180x180.jpg 180w, https:\/\/sp6prt.pl\/wp-content\/uploads\/2019\/06\/walne_5-60x60.jpg 60w\" sizes=\"auto, (max-width: 150px) 100vw, 150px\" \/><\/a>\n\t\t\t<\/dt>\n\t\t\t\t<dd class='wp-caption-text gallery-caption' id='gallery-1-496'>\n\t\t\t\tSP6CCI dzi\u0119kuje za wsp\u00f3\u0142prac\u0119 Stanis\u0142awowi SQ6LJQ.\n\t\t\t\t<\/dd><\/dl><dl class='gallery-item'>\n\t\t\t<dt class='gallery-icon portrait'>\n\t\t\t\t<a href='https:\/\/sp6prt.pl\/?attachment_id=487'><img loading=\"lazy\" decoding=\"async\" width=\"150\" height=\"150\" src=\"https:\/\/sp6prt.pl\/wp-content\/uploads\/2019\/06\/walne_19-150x150.jpg\" class=\"attachment-thumbnail size-thumbnail\" alt=\"\" aria-describedby=\"gallery-1-487\" srcset=\"https:\/\/sp6prt.pl\/wp-content\/uploads\/2019\/06\/walne_19-150x150.jpg 150w, https:\/\/sp6prt.pl\/wp-content\/uploads\/2019\/06\/walne_19-180x180.jpg 180w, https:\/\/sp6prt.pl\/wp-content\/uploads\/2019\/06\/walne_19-60x60.jpg 60w\" sizes=\"auto, (max-width: 150px) 100vw, 150px\" \/><\/a>\n\t\t\t<\/dt>\n\t\t\t\t<dd class='wp-caption-text gallery-caption' id='gallery-1-487'>\n\t\t\t\tSP6CCI dzi\u0119kuje SP6EBK.\n\t\t\t\t<\/dd><\/dl><br style=\"clear: both\" \/><dl class='gallery-item'>\n\t\t\t<dt class='gallery-icon landscape'>\n\t\t\t\t<a href='https:\/\/sp6prt.pl\/?attachment_id=474'><img loading=\"lazy\" decoding=\"async\" width=\"150\" height=\"150\" src=\"https:\/\/sp6prt.pl\/wp-content\/uploads\/2019\/06\/walne_6-150x150.jpg\" class=\"attachment-thumbnail size-thumbnail\" alt=\"\" aria-describedby=\"gallery-1-474\" srcset=\"https:\/\/sp6prt.pl\/wp-content\/uploads\/2019\/06\/walne_6-150x150.jpg 150w, https:\/\/sp6prt.pl\/wp-content\/uploads\/2019\/06\/walne_6-180x180.jpg 180w, https:\/\/sp6prt.pl\/wp-content\/uploads\/2019\/06\/walne_6-60x60.jpg 60w\" sizes=\"auto, (max-width: 150px) 100vw, 150px\" \/><\/a>\n\t\t\t<\/dt>\n\t\t\t\t<dd class='wp-caption-text gallery-caption' id='gallery-1-474'>\n\t\t\t\t&#8230; a tak to wygl\u0105da\u0142o z bliska.\n\t\t\t\t<\/dd><\/dl><dl class='gallery-item'>\n\t\t\t<dt class='gallery-icon landscape'>\n\t\t\t\t<a href='https:\/\/sp6prt.pl\/?attachment_id=470'><img loading=\"lazy\" decoding=\"async\" width=\"150\" height=\"150\" src=\"https:\/\/sp6prt.pl\/wp-content\/uploads\/2019\/06\/walne_2-150x150.jpg\" class=\"attachment-thumbnail size-thumbnail\" alt=\"\" aria-describedby=\"gallery-1-470\" srcset=\"https:\/\/sp6prt.pl\/wp-content\/uploads\/2019\/06\/walne_2-150x150.jpg 150w, https:\/\/sp6prt.pl\/wp-content\/uploads\/2019\/06\/walne_2-180x180.jpg 180w, https:\/\/sp6prt.pl\/wp-content\/uploads\/2019\/06\/walne_2-60x60.jpg 60w\" sizes=\"auto, (max-width: 150px) 100vw, 150px\" \/><\/a>\n\t\t\t<\/dt>\n\t\t\t\t<dd class='wp-caption-text gallery-caption' id='gallery-1-470'>\n\t\t\t\tPodzi\u0119kowania r\u00f3wnie\u017c dla SP6A.\n\t\t\t\t<\/dd><\/dl><dl class='gallery-item'>\n\t\t\t<dt class='gallery-icon landscape'>\n\t\t\t\t<a href='https:\/\/sp6prt.pl\/?attachment_id=471'><img loading=\"lazy\" decoding=\"async\" width=\"150\" height=\"150\" src=\"https:\/\/sp6prt.pl\/wp-content\/uploads\/2019\/06\/walne_3-150x150.jpg\" class=\"attachment-thumbnail size-thumbnail\" alt=\"\" aria-describedby=\"gallery-1-471\" srcset=\"https:\/\/sp6prt.pl\/wp-content\/uploads\/2019\/06\/walne_3-150x150.jpg 150w, https:\/\/sp6prt.pl\/wp-content\/uploads\/2019\/06\/walne_3-180x180.jpg 180w, https:\/\/sp6prt.pl\/wp-content\/uploads\/2019\/06\/walne_3-60x60.jpg 60w\" sizes=\"auto, (max-width: 150px) 100vw, 150px\" \/><\/a>\n\t\t\t<\/dt>\n\t\t\t\t<dd class='wp-caption-text gallery-caption' id='gallery-1-471'>\n\t\t\t\tPrzyjazny gest: SP6XXB i SP6CCI.\n\t\t\t\t<\/dd><\/dl><dl class='gallery-item'>\n\t\t\t<dt class='gallery-icon landscape'>\n\t\t\t\t<a href='https:\/\/sp6prt.pl\/?attachment_id=475'><img loading=\"lazy\" decoding=\"async\" width=\"150\" height=\"150\" src=\"https:\/\/sp6prt.pl\/wp-content\/uploads\/2019\/06\/walne_7-150x150.jpg\" class=\"attachment-thumbnail size-thumbnail\" alt=\"\" aria-describedby=\"gallery-1-475\" srcset=\"https:\/\/sp6prt.pl\/wp-content\/uploads\/2019\/06\/walne_7-150x150.jpg 150w, https:\/\/sp6prt.pl\/wp-content\/uploads\/2019\/06\/walne_7-180x180.jpg 180w, https:\/\/sp6prt.pl\/wp-content\/uploads\/2019\/06\/walne_7-60x60.jpg 60w\" sizes=\"auto, (max-width: 150px) 100vw, 150px\" \/><\/a>\n\t\t\t<\/dt>\n\t\t\t\t<dd class='wp-caption-text gallery-caption' id='gallery-1-475'>\n\t\t\t\tZ zaskoczeniem SQ6POC przyjmuje podzi\u0119kowania od odchodz\u0105cego prezesa SP6CCI.\n\t\t\t\t<\/dd><\/dl><br style=\"clear: both\" \/><dl class='gallery-item'>\n\t\t\t<dt class='gallery-icon landscape'>\n\t\t\t\t<a href='https:\/\/sp6prt.pl\/?attachment_id=472'><img loading=\"lazy\" decoding=\"async\" width=\"150\" height=\"150\" src=\"https:\/\/sp6prt.pl\/wp-content\/uploads\/2019\/06\/walne_4-150x150.jpg\" class=\"attachment-thumbnail size-thumbnail\" alt=\"\" aria-describedby=\"gallery-1-472\" srcset=\"https:\/\/sp6prt.pl\/wp-content\/uploads\/2019\/06\/walne_4-150x150.jpg 150w, https:\/\/sp6prt.pl\/wp-content\/uploads\/2019\/06\/walne_4-180x180.jpg 180w, https:\/\/sp6prt.pl\/wp-content\/uploads\/2019\/06\/walne_4-60x60.jpg 60w\" sizes=\"auto, (max-width: 150px) 100vw, 150px\" \/><\/a>\n\t\t\t<\/dt>\n\t\t\t\t<dd class='wp-caption-text gallery-caption' id='gallery-1-472'>\n\t\t\t\tKlub r\u00f3wnie\u017c nie pozosta\u0142 d\u0142u\u017cny , podzi\u0119kowania z\u0142o\u017cy\u0142 Stanis\u0142aw SP6BCC.\n\t\t\t\t<\/dd><\/dl><dl class='gallery-item'>\n\t\t\t<dt class='gallery-icon landscape'>\n\t\t\t\t<a href='https:\/\/sp6prt.pl\/?attachment_id=498'><img loading=\"lazy\" decoding=\"async\" width=\"150\" height=\"150\" src=\"https:\/\/sp6prt.pl\/wp-content\/uploads\/2019\/06\/walne_10-150x150.jpg\" class=\"attachment-thumbnail size-thumbnail\" alt=\"\" aria-describedby=\"gallery-1-498\" srcset=\"https:\/\/sp6prt.pl\/wp-content\/uploads\/2019\/06\/walne_10-150x150.jpg 150w, https:\/\/sp6prt.pl\/wp-content\/uploads\/2019\/06\/walne_10-180x180.jpg 180w, https:\/\/sp6prt.pl\/wp-content\/uploads\/2019\/06\/walne_10-60x60.jpg 60w\" sizes=\"auto, (max-width: 150px) 100vw, 150px\" \/><\/a>\n\t\t\t<\/dt>\n\t\t\t\t<dd class='wp-caption-text gallery-caption' id='gallery-1-498'>\n\t\t\t\tNa pami\u0105tk\u0119 tego wydarzenia kol. Boles\u0142aw otrzyma\u0142 plakietk\u0119 i tytu\u0142 Honorowego Prezesa Klubu.\n\t\t\t\t<\/dd><\/dl><dl class='gallery-item'>\n\t\t\t<dt class='gallery-icon landscape'>\n\t\t\t\t<a href='https:\/\/sp6prt.pl\/?attachment_id=493'><img loading=\"lazy\" decoding=\"async\" width=\"150\" height=\"150\" src=\"https:\/\/sp6prt.pl\/wp-content\/uploads\/2019\/06\/walne_25-150x150.jpg\" class=\"attachment-thumbnail size-thumbnail\" alt=\"\" aria-describedby=\"gallery-1-493\" srcset=\"https:\/\/sp6prt.pl\/wp-content\/uploads\/2019\/06\/walne_25-150x150.jpg 150w, https:\/\/sp6prt.pl\/wp-content\/uploads\/2019\/06\/walne_25-180x180.jpg 180w, https:\/\/sp6prt.pl\/wp-content\/uploads\/2019\/06\/walne_25-60x60.jpg 60w\" sizes=\"auto, (max-width: 150px) 100vw, 150px\" \/><\/a>\n\t\t\t<\/dt>\n\t\t\t\t<dd class='wp-caption-text gallery-caption' id='gallery-1-493'>\n\t\t\t\tChwila dla reporter\u00f3w&#8230; \n\t\t\t\t<\/dd><\/dl><dl class='gallery-item'>\n\t\t\t<dt class='gallery-icon landscape'>\n\t\t\t\t<a href='https:\/\/sp6prt.pl\/?attachment_id=477'><img loading=\"lazy\" decoding=\"async\" width=\"150\" height=\"150\" src=\"https:\/\/sp6prt.pl\/wp-content\/uploads\/2019\/06\/walne_9-150x150.jpg\" class=\"attachment-thumbnail size-thumbnail\" alt=\"\" aria-describedby=\"gallery-1-477\" srcset=\"https:\/\/sp6prt.pl\/wp-content\/uploads\/2019\/06\/walne_9-150x150.jpg 150w, https:\/\/sp6prt.pl\/wp-content\/uploads\/2019\/06\/walne_9-180x180.jpg 180w, https:\/\/sp6prt.pl\/wp-content\/uploads\/2019\/06\/walne_9-60x60.jpg 60w\" sizes=\"auto, (max-width: 150px) 100vw, 150px\" \/><\/a>\n\t\t\t<\/dt>\n\t\t\t\t<dd class='wp-caption-text gallery-caption' id='gallery-1-477'>\n\t\t\t\tWszystko wyryte w metalu &#8211; Honorowy Prezes Klubu.\n\t\t\t\t<\/dd><\/dl><br style=\"clear: both\" \/><dl class='gallery-item'>\n\t\t\t<dt class='gallery-icon landscape'>\n\t\t\t\t<a href='https:\/\/sp6prt.pl\/?attachment_id=494'><img loading=\"lazy\" decoding=\"async\" width=\"150\" height=\"150\" src=\"https:\/\/sp6prt.pl\/wp-content\/uploads\/2019\/06\/walne_26-150x150.jpg\" class=\"attachment-thumbnail size-thumbnail\" alt=\"\" aria-describedby=\"gallery-1-494\" srcset=\"https:\/\/sp6prt.pl\/wp-content\/uploads\/2019\/06\/walne_26-150x150.jpg 150w, https:\/\/sp6prt.pl\/wp-content\/uploads\/2019\/06\/walne_26-180x180.jpg 180w, https:\/\/sp6prt.pl\/wp-content\/uploads\/2019\/06\/walne_26-60x60.jpg 60w\" sizes=\"auto, (max-width: 150px) 100vw, 150px\" \/><\/a>\n\t\t\t<\/dt>\n\t\t\t\t<dd class='wp-caption-text gallery-caption' id='gallery-1-494'>\n\t\t\t\tWielokolorowy, \u015bwietlisty znak wdzi\u0119czno\u015bci.\n\t\t\t\t<\/dd><\/dl>\n\t\t\t<br style='clear: both' \/>\n\t\t<\/div>\n\n<p>Podzi\u0119kowania dla SP6EBK, SP6BCC i SP6IXU za udost\u0119pnienie zdj\u0119\u0107.<\/p>\n","protected":false},"excerpt":{"rendered":"<p>Kr\u00f3tkie sprawozdanie z przebiegu Walnego Zgromadzenia Cz\u0142onk\u00f3w Klubu. S\u0105 zdj\u0119cia i kilka wa\u017cnych informacji. Zapraszamy!<\/p>\n","protected":false},"author":1,"featured_media":429,"comment_status":"closed","ping_status":"closed","sticky":false,"template":"","format":"standard","meta":{"footnotes":""},"categories":[124,126],"tags":[128],"class_list":["post-508","post","type-post","status-publish","format-standard","has-post-thumbnail","hentry","category-informacje","category-wydarzenia","tag-sp6cci-pl"],"_links":{"self":[{"href":"https:\/\/sp6prt.pl\/index.php?rest_route=\/wp\/v2\/posts\/508","targetHints":{"allow":["GET"]}}],"collection":[{"href":"https:\/\/sp6prt.pl\/index.php?rest_route=\/wp\/v2\/posts"}],"about":[{"href":"https:\/\/sp6prt.pl\/index.php?rest_route=\/wp\/v2\/types\/post"}],"author":[{"embeddable":true,"href":"https:\/\/sp6prt.pl\/index.php?rest_route=\/wp\/v2\/users\/1"}],"replies":[{"embeddable":true,"href":"https:\/\/sp6prt.pl\/index.php?rest_route=%2Fwp%2Fv2%2Fcomments&post=508"}],"version-history":[{"count":5,"href":"https:\/\/sp6prt.pl\/index.php?rest_route=\/wp\/v2\/posts\/508\/revisions"}],"predecessor-version":[{"id":513,"href":"https:\/\/sp6prt.pl\/index.php?rest_route=\/wp\/v2\/posts\/508\/revisions\/513"}],"wp:featuredmedia":[{"embeddable":true,"href":"https:\/\/sp6prt.pl\/index.php?rest_route=\/wp\/v2\/media\/429"}],"wp:attachment":[{"href":"https:\/\/sp6prt.pl\/index.php?rest_route=%2Fwp%2Fv2%2Fmedia&parent=508"}],"wp:term":[{"taxonomy":"category","embeddable":true,"href":"https:\/\/sp6prt.pl\/index.php?rest_route=%2Fwp%2Fv2%2Fcategories&post=508"},{"taxonomy":"post_tag","embeddable":true,"href":"https:\/\/sp6prt.pl\/index.php?rest_route=%2Fwp%2Fv2%2Ftags&post=508"}],"curies":[{"name":"wp","href":"https:\/\/api.w.org\/{rel}","templated":true}]}}