{"id":347,"date":"2018-11-02T19:56:05","date_gmt":"2018-11-02T18:56:05","guid":{"rendered":"https:\/\/sp6prt.pl\/?p=347"},"modified":"2019-07-29T16:45:11","modified_gmt":"2019-07-29T14:45:11","slug":"uroczystosc-wreczenia-zlotych-odznak-honorowych","status":"publish","type":"post","link":"https:\/\/sp6prt.pl\/?p=347","title":{"rendered":"Uroczysto\u015b\u0107 wr\u0119czenia Z\u0142otych Odznak Honorowych"},"content":{"rendered":"<p>Jak <a href=\"https:\/\/sp6prt.pl\/zlote-odznaki-honorowe-pzk-rowniez-dla-sp6aeg-sp6eqz-i-sp6ixf\/\">pisali\u015bmy wcze\u015bniej<\/a>, nasi klubowi koledzy otrzymali zaszczytne odznaki PZK. W dniu 30 wrze\u015bnia b.r.\u00a0prezes PZK kol. Waldemar 3Z6AEF i Prezes OT-01 kol SQ6NEJ wr\u0119czyli Z\u0142ote Odzanki Honorowe PZK cz\u0142onkom naszego Klubu. Wyr\u00f3\u017cnieni zostali Koledzy:<\/p>\n<ul>\n<li>Boles\u0142aw Konieczny SP6CCI<\/li>\n<li>Andrzej Zgieb SP6AEG<\/li>\n<li>W\u0142odzimierz Herej SP6EQZ<\/li>\n<li>Janusz Szyma\u0144ski SP6IXF<\/li>\n<\/ul>\n<p>Dzia\u0142alno\u015b\u0107 w\/w Koleg\u00f3w dla dobra naszej organizacji i propagowania Polski i polskiego kr\u00f3tkofalarstwa w kraju i poza jego granicami jest og\u00f3lnie znana. Serdecznie Kolegom gratulujemy!<\/p>\n\n\t\t<style type=\"text\/css\">\n\t\t\t#gallery-1 {\n\t\t\t\tmargin: auto;\n\t\t\t}\n\t\t\t#gallery-1 .gallery-item {\n\t\t\t\tfloat: left;\n\t\t\t\tmargin-top: 10px;\n\t\t\t\ttext-align: center;\n\t\t\t\twidth: 33%;\n\t\t\t}\n\t\t\t#gallery-1 img {\n\t\t\t\tborder: 2px solid #cfcfcf;\n\t\t\t}\n\t\t\t#gallery-1 .gallery-caption {\n\t\t\t\tmargin-left: 0;\n\t\t\t}\n\t\t\t\/* see gallery_shortcode() in wp-includes\/media.php *\/\n\t\t<\/style>\n\t\t<div id='gallery-1' class='gallery galleryid-347 gallery-columns-3 gallery-size-thumbnail'><dl class='gallery-item'>\n\t\t\t<dt class='gallery-icon landscape'>\n\t\t\t\t<a href='https:\/\/sp6prt.pl\/?attachment_id=350'><img loading=\"lazy\" decoding=\"async\" width=\"150\" height=\"150\" src=\"https:\/\/sp6prt.pl\/wp-content\/uploads\/2018\/11\/100_9919-150x150.jpg\" class=\"attachment-thumbnail size-thumbnail\" alt=\"\" aria-describedby=\"gallery-1-350\" srcset=\"https:\/\/sp6prt.pl\/wp-content\/uploads\/2018\/11\/100_9919-150x150.jpg 150w, https:\/\/sp6prt.pl\/wp-content\/uploads\/2018\/11\/100_9919-180x180.jpg 180w, https:\/\/sp6prt.pl\/wp-content\/uploads\/2018\/11\/100_9919-60x60.jpg 60w\" sizes=\"auto, (max-width: 150px) 100vw, 150px\" \/><\/a>\n\t\t\t<\/dt>\n\t\t\t\t<dd class='wp-caption-text gallery-caption' id='gallery-1-350'>\n\t\t\t\tWaldemar 3ZAEF &#8211; prezez PZK podczas wr\u0119czenia odznak.\n\t\t\t\t<\/dd><\/dl><dl class='gallery-item'>\n\t\t\t<dt class='gallery-icon landscape'>\n\t\t\t\t<a href='https:\/\/sp6prt.pl\/?attachment_id=349'><img loading=\"lazy\" decoding=\"async\" width=\"150\" height=\"150\" src=\"https:\/\/sp6prt.pl\/wp-content\/uploads\/2018\/11\/100_9933-150x150.jpg\" class=\"attachment-thumbnail size-thumbnail\" alt=\"\" aria-describedby=\"gallery-1-349\" srcset=\"https:\/\/sp6prt.pl\/wp-content\/uploads\/2018\/11\/100_9933-150x150.jpg 150w, https:\/\/sp6prt.pl\/wp-content\/uploads\/2018\/11\/100_9933-180x180.jpg 180w, https:\/\/sp6prt.pl\/wp-content\/uploads\/2018\/11\/100_9933-60x60.jpg 60w\" sizes=\"auto, (max-width: 150px) 100vw, 150px\" \/><\/a>\n\t\t\t<\/dt>\n\t\t\t\t<dd class='wp-caption-text gallery-caption' id='gallery-1-349'>\n\t\t\t\tSP6EQZ &#8211; Podzi\u0119kowanie? Zach\u0119ta?\n\t\t\t\t<\/dd><\/dl><dl class='gallery-item'>\n\t\t\t<dt class='gallery-icon landscape'>\n\t\t\t\t<a href='https:\/\/sp6prt.pl\/?attachment_id=348'><img loading=\"lazy\" decoding=\"async\" width=\"150\" height=\"150\" src=\"https:\/\/sp6prt.pl\/wp-content\/uploads\/2018\/11\/100_9946-150x150.jpg\" class=\"attachment-thumbnail size-thumbnail\" alt=\"\" aria-describedby=\"gallery-1-348\" srcset=\"https:\/\/sp6prt.pl\/wp-content\/uploads\/2018\/11\/100_9946-150x150.jpg 150w, https:\/\/sp6prt.pl\/wp-content\/uploads\/2018\/11\/100_9946-180x180.jpg 180w, https:\/\/sp6prt.pl\/wp-content\/uploads\/2018\/11\/100_9946-60x60.jpg 60w\" sizes=\"auto, (max-width: 150px) 100vw, 150px\" \/><\/a>\n\t\t\t<\/dt>\n\t\t\t\t<dd class='wp-caption-text gallery-caption' id='gallery-1-348'>\n\t\t\t\tOd lewej: Boles\u0142aw SP6CCI, W\u0142odzimierz SP6EQZ, Janusz SP6IXF, Andrzej SP6AEG. Z\u0142ote odznaki b\u0142yszcz\u0105 w klapach.\n\t\t\t\t<\/dd><\/dl><br style=\"clear: both\" \/>\n\t\t<\/div>\n\n","protected":false},"excerpt":{"rendered":"<p>Kr\u00f3kta relacja fotograficzna z wr\u0119czenia ZOH PZK dla SP6BCC, SP6AEG, SP6EQZ oraz SP6IXF.<\/p>\n","protected":false},"author":1,"featured_media":0,"comment_status":"closed","ping_status":"closed","sticky":false,"template":"","format":"standard","meta":{"footnotes":""},"categories":[124,126],"tags":[154,156,128,134,158,160],"class_list":["post-347","post","type-post","status-publish","format-standard","hentry","category-informacje","category-wydarzenia","tag-pzk-pl","tag-sp6aeg-pl","tag-sp6cci-pl","tag-sp6eqz-pl","tag-sp6ixf-pl","tag-zoh-pl"],"_links":{"self":[{"href":"https:\/\/sp6prt.pl\/index.php?rest_route=\/wp\/v2\/posts\/347","targetHints":{"allow":["GET"]}}],"collection":[{"href":"https:\/\/sp6prt.pl\/index.php?rest_route=\/wp\/v2\/posts"}],"about":[{"href":"https:\/\/sp6prt.pl\/index.php?rest_route=\/wp\/v2\/types\/post"}],"author":[{"embeddable":true,"href":"https:\/\/sp6prt.pl\/index.php?rest_route=\/wp\/v2\/users\/1"}],"replies":[{"embeddable":true,"href":"https:\/\/sp6prt.pl\/index.php?rest_route=%2Fwp%2Fv2%2Fcomments&post=347"}],"version-history":[{"count":4,"href":"https:\/\/sp6prt.pl\/index.php?rest_route=\/wp\/v2\/posts\/347\/revisions"}],"predecessor-version":[{"id":357,"href":"https:\/\/sp6prt.pl\/index.php?rest_route=\/wp\/v2\/posts\/347\/revisions\/357"}],"wp:attachment":[{"href":"https:\/\/sp6prt.pl\/index.php?rest_route=%2Fwp%2Fv2%2Fmedia&parent=347"}],"wp:term":[{"taxonomy":"category","embeddable":true,"href":"https:\/\/sp6prt.pl\/index.php?rest_route=%2Fwp%2Fv2%2Fcategories&post=347"},{"taxonomy":"post_tag","embeddable":true,"href":"https:\/\/sp6prt.pl\/index.php?rest_route=%2Fwp%2Fv2%2Ftags&post=347"}],"curies":[{"name":"wp","href":"https:\/\/api.w.org\/{rel}","templated":true}]}}