{"id":1353,"date":"2025-05-20T16:42:07","date_gmt":"2025-05-20T14:42:07","guid":{"rendered":"https:\/\/sp6prt.pl\/?p=1353"},"modified":"2025-05-20T16:42:07","modified_gmt":"2025-05-20T14:42:07","slug":"krotkofalowcy-na-dniu-odry","status":"publish","type":"post","link":"https:\/\/sp6prt.pl\/?p=1353","title":{"rendered":"Kr\u00f3tkofalowcy na Dniu Odry"},"content":{"rendered":"\n<p>Ju\u017c w najbli\u017csz\u0105 sobot\u0119, 24 maja, na Bulwarze Dunikowskiego odb\u0119dzie si\u0119 festyn z okazji Dni Odry. Byli\u015bmy tam <a href=\"https:\/\/sp6prt.pl\/krotkofalowcy-na-swiecie-odry-we-wroclawiu\/\" data-type=\"post\" data-id=\"1216\">obecni w ubieg\u0142ym roku<\/a>, b\u0119dziemy i teraz! Dni Odry zaczynaj\u0105 si\u0119 ju\u017c we czwartek (zob.<a href=\"https:\/\/drive.google.com\/drive\/folders\/1tW9hKxyhsGFYRssU3XfVe-2Ujvbxkqdn\"> oficjaln\u0105 stron\u0119 Urz\u0119du miasta<\/a>) i obfituj\u0105 w mn\u00f3stwo atrakcji!<\/p>\n\n\n\n<p>Zapraszamy na nasze stanowisko \u2013 b\u0119dzie miejsce do telegrafii, pokaz FT8 i GridTrackera, stacja APRS z trackerami, stacja KF&#8230; Wpadnijcie, porozmawiajcie, mo\u017ce co\u015b Was zainteresuje! B\u0119dziemy w okolicy sporej anteny \u2013 nie spos\u00f3b tego przegapi\u0107!<\/p>\n\n\n\n<p><\/p>\n\n\n\n<p><\/p>\n","protected":false},"excerpt":{"rendered":"<p>Ju\u017c w najbli\u017csz\u0105 sobot\u0119, 24 maja, na Bulwarze Dunikowskiego odb\u0119dzie si\u0119 festyn z okazji Dni Odry. Byli\u015bmy tam obecni w ubieg\u0142ym roku, b\u0119dziemy i teraz! Dni Odry zaczynaj\u0105 si\u0119 ju\u017c&#8230; <a href=\"https:\/\/sp6prt.pl\/?p=1353\">Read more &raquo;<\/a><\/p>\n","protected":false},"author":1,"featured_media":1354,"comment_status":"closed","ping_status":"closed","sticky":false,"template":"","format":"standard","meta":{"footnotes":""},"categories":[124,126],"tags":[],"class_list":["post-1353","post","type-post","status-publish","format-standard","has-post-thumbnail","hentry","category-informacje","category-wydarzenia"],"_links":{"self":[{"href":"https:\/\/sp6prt.pl\/index.php?rest_route=\/wp\/v2\/posts\/1353","targetHints":{"allow":["GET"]}}],"collection":[{"href":"https:\/\/sp6prt.pl\/index.php?rest_route=\/wp\/v2\/posts"}],"about":[{"href":"https:\/\/sp6prt.pl\/index.php?rest_route=\/wp\/v2\/types\/post"}],"author":[{"embeddable":true,"href":"https:\/\/sp6prt.pl\/index.php?rest_route=\/wp\/v2\/users\/1"}],"replies":[{"embeddable":true,"href":"https:\/\/sp6prt.pl\/index.php?rest_route=%2Fwp%2Fv2%2Fcomments&post=1353"}],"version-history":[{"count":1,"href":"https:\/\/sp6prt.pl\/index.php?rest_route=\/wp\/v2\/posts\/1353\/revisions"}],"predecessor-version":[{"id":1355,"href":"https:\/\/sp6prt.pl\/index.php?rest_route=\/wp\/v2\/posts\/1353\/revisions\/1355"}],"wp:featuredmedia":[{"embeddable":true,"href":"https:\/\/sp6prt.pl\/index.php?rest_route=\/wp\/v2\/media\/1354"}],"wp:attachment":[{"href":"https:\/\/sp6prt.pl\/index.php?rest_route=%2Fwp%2Fv2%2Fmedia&parent=1353"}],"wp:term":[{"taxonomy":"category","embeddable":true,"href":"https:\/\/sp6prt.pl\/index.php?rest_route=%2Fwp%2Fv2%2Fcategories&post=1353"},{"taxonomy":"post_tag","embeddable":true,"href":"https:\/\/sp6prt.pl\/index.php?rest_route=%2Fwp%2Fv2%2Ftags&post=1353"}],"curies":[{"name":"wp","href":"https:\/\/api.w.org\/{rel}","templated":true}]}}